{"id":1040,"date":"2017-01-25T09:40:58","date_gmt":"2017-01-25T08:40:58","guid":{"rendered":"http:\/\/utopia56.net\/?p=1040"},"modified":"2017-01-25T09:40:58","modified_gmt":"2017-01-25T08:40:58","slug":"delinquants-solidaires-cest-un-manifeste-et-plus-de-200-associations","status":"publish","type":"post","link":"http:\/\/test.utopia56.org\/index.php\/2017\/01\/25\/delinquants-solidaires-cest-un-manifeste-et-plus-de-200-associations\/","title":{"rendered":"D\u00c9LINQUANTS SOLIDAIRES C\u2019EST UN MANIFESTE ET PLUS DE 200 ASSOCIATIONS"},"content":{"rendered":"<h3>Un collectif \u00ab<a class=\"ext\" href=\"http:\/\/delinquantssolidaires.gandi.ws\/\" target=\"_blank\" rel=\"noopener\">D\u00e9linquants solidaires<span class=\"ext\"><span class=\"element-invisible\">(link is external)<\/span><\/span><\/a>\u00bb vient de se mettre en place\u00a0avec des centaines d\u2019associations nationales et locales,\u00a0Utopia 56 a \u00e9t\u00e9 dans les premiers signataires du manifeste\u00a0!<\/h3>\n<p>&nbsp;<\/p>\n<h2>MANIFESTE<\/h2>\n<p><strong>La solidarit\u00e9, plus que jamais un\u00a0d\u00e9lit\u00a0?<\/strong><\/p>\n<p>Bien s\u00fbr, la solidarit\u00e9 n\u2019a jamais \u00e9t\u00e9 inscrite dans aucun code comme un d\u00e9lit.\u00a0Cependant, des militants associatifs qui ne font que venir en aide \u00e0 des personnes en situation de tr\u00e8s grande pr\u00e9carit\u00e9, victimes de d\u00e9cisions dangereuses, violentes, voire inhumaines, se retrouvent aujourd\u2019hui face \u00e0 la\u00a0justice.<\/p>\n<p>Avec l\u2019instauration de l\u2019\u00e9tat d\u2019urgence, et dans le contexte baptis\u00e9 \u00ab crise migratoire \u00bb, on assiste \u00e0 une <strong>recrudescence de poursuites\u00a0<\/strong>visant \u00e0 emp\u00eacher l\u2019expression de la solidarit\u00e9 envers migrants, r\u00e9fugi\u00e9s, Roms, sans-papiers\u2026 Au-del\u00e0, c\u2019est le soutien \u00e0 l\u2019ensemble des personnes \u00e9trang\u00e8res qui tend \u00e0 devenir suspect, l\u2019expression de la contestation des politiques men\u00e9es qui est assimil\u00e9e \u00e0 de la r\u00e9bellion et au trouble \u00e0 l\u2019ordre\u00a0public.<\/p>\n<p>La loi permet en effet de poursuivre les personnes qui viennent en aide aux \u00ab\u00a0sans-papiers\u00a0\u00bb,\u00a0mais toutes sortes d\u2019autres chefs d\u2019accusation servent d\u00e9sormais \u00e0 entraver toute action citoyenne qui s\u2019oppose aux politiques mises en \u0153uvre.\u00a0L\u2019ensemble de ces intimidations, poursuites, condamnations parfois, visent donc bien en fait ce qui constitue de <strong>nouvelles formes du \u00ab\u00a0d\u00e9lit de solidarit\u00e9\u00a0\u00bb<\/strong>.<\/p>\n<p>D\u00e8s 2009, les associations de d\u00e9fense des droits de l\u2019Homme et de soutien aux \u00e9trangers avaient d\u00e9nonc\u00e9 le fait que le d\u00e9lit d\u2019\u00ab\u00a0aide \u00e0 l\u2019entr\u00e9e, \u00e0 la circulation et au s\u00e9jour des \u00e9trangers en situation irr\u00e9guli\u00e8re\u00a0\u00bb, introduit \u00e0 l\u2019origine pour lutter contre ceux qui font commerce du trafic et de l\u2019exploitation des \u00e9trangers, ait permis au fil du temps de sanctionner les \u00ab\u00a0aidants\u00a0\u00bb d\u2019\u00e9trangers sans papiers, m\u00eame agissant dans un but non lucratif. Si les peines pr\u00e9vues ne sont pas toujours appliqu\u00e9es, une telle r\u00e9glementation a bien s\u00fbr\u00a0un <strong>effet dissuasif\u00a0<\/strong>sur celles et ceux qui refusent de se soumettre \u00e0 des politiques hostiles aux\u00a0\u00e9trangers.<\/p>\n<p>La <strong>mobilisation associative<\/strong>, \u00e0 l\u2019\u00e9poque, a abouti \u00e0 plusieurs r\u00e9formes successives, dont celle du 31 d\u00e9cembre 2012 qui a \u00e9t\u00e9 pr\u00e9sent\u00e9e comme la \u00ab\u00a0suppression\u00a0\u00bb du d\u00e9lit de solidarit\u00e9. Il n\u2019en est rien\u00a0; la nouvelle r\u00e9daction des textes se contente de pr\u00e9ciser et augmenter les cas d\u2019exemption de poursuites. Outre l\u2019aide apport\u00e9e \u00e0 des parents, est autoris\u00e9e l\u2019aide qui aura seulement vis\u00e9 \u00e0 \u00ab\u00a0assurer des conditions de vie dignes et d\u00e9centes \u00e0 l\u2019\u00e9tranger\u00a0\u00bb\u00a0ou \u00e0\u00a0\u00ab\u00a0pr\u00e9server la dignit\u00e9 ou l\u2019int\u00e9grit\u00e9 physique de celui-ci\u00a0\u00bb. Malgr\u00e9 tout, <strong>des personnes ayant manifest\u00e9 leur solidarit\u00e9 avec des \u00e9trangers sans titre de s\u00e9jour continuent d\u2019\u00eatre inqui\u00e9t\u00e9es<\/strong>\u00a0\u2013\u00a0convocations \u00e0 la police ou \u00e0 la gendarmerie, gardes \u00e0 vue, perquisitions, \u00e9coutes t\u00e9l\u00e9phoniques\u00a0\u2013 voire poursuivies et parfois punies d\u2019amende et\u00a0emprisonnement.<\/p>\n<p>Dans le m\u00eame temps, des poursuites ont commenc\u00e9 d\u2019\u00eatre men\u00e9es sur la base de textes sans rapport avec\u00a0\u00a0l\u2019immigration.<\/p>\n<ul>\n<li>Les d\u00e9lits d\u2019outrage, d\u2019injure et de diffamation, de r\u00e9bellion ou violences \u00e0 agent de la force publique\u00a0sont utilis\u00e9s pour d\u00e9fendre l\u2019administration et la police contre celles et ceux qui critiquent leurs pratiques\u00a0;<\/li>\n<li>Le d\u00e9lit d\u2019\u00ab\u00a0entrave \u00e0 la circulation d\u2019un a\u00e9ronef\u00a0\u00bb, qui figure dans le code de l\u2019aviation civile, permet de r\u00e9primer les passagers qui, voyant des personnes ligot\u00e9es et b\u00e2illonn\u00e9es dans un avion, protestent contre la violence des expulsions\u00a0;<\/li>\n<li>La r\u00e9glementation qui sanctionne l\u2019emploi d\u2019un travailleur \u00e9tranger sans autorisation de travail\u00a0a servi \u00e0 inqui\u00e9ter des personnes qui, h\u00e9bergeant des \u00e9trangers en situation irr\u00e9guli\u00e8re, acceptent que leurs h\u00f4tes les aident \u00e0 effectuer des t\u00e2ches\u00a0domestiques.<\/li>\n<\/ul>\n<p>&nbsp;<\/p>\n<p>Aujourd\u2019hui, les motifs des poursuites se diversifient toujours plus. Tandis que\u00a0les poursuites pour aide \u00e0 l\u2019entr\u00e9e et au s\u00e9jour ont repris de plus belle,\u00a0de <strong>nouveaux chefs d\u2019accusation\u00a0sont utilis\u00e9s pour condamner les actions solidaires<\/strong>\u00a0:<\/p>\n<ul>\n<li>La r\u00e9glementation en mati\u00e8re d\u2019urbanisme\u00a0a \u00e9t\u00e9 invoqu\u00e9e \u00e0 Norrent-Fontes (Pas-de-Calais) pour demander la destruction d\u2019abris pour migrants\u00a0;<\/li>\n<li>Des textes sur l\u2019hygi\u00e8ne ou la s\u00e9curit\u00e9 applicables \u00e0 des locaux\u00a0ont servi \u00e0 emp\u00eacher des h\u00e9bergements solidaires \u00e0 St-Etienne\u00a0;<\/li>\n<li>L\u2019absence de ceinture de s\u00e9curit\u00e9 et d\u2019un si\u00e8ge pour une fillette \u00e0 bord d\u2019un camion\u00a0a permis la condamnation d\u2019un aidant \u00e0 Calais\u00a0;<\/li>\n<li>L\u2019intrusion dans des zones particuli\u00e8res, interdites pour cause d\u2019\u00e9tat d\u2019urgence, a \u00e9t\u00e9 utilis\u00e9e, \u00e0 Calais \u00e9galement, pour sanctionner le regard citoyen\u00a0;<\/li>\n<li>Le d\u00e9lit de faux et usage de faux\u00a0est utilis\u00e9 pour intimider des personnes qui ont voulu attester de la pr\u00e9sence depuis plus de 48h de personnes dans un squat \u00e0 Clichy\u00a0;<\/li>\n<li>etc.<\/li>\n<\/ul>\n<p>&nbsp;<\/p>\n<p>Et, de plus en plus,\u00a0le simple fait d\u2019avoir voulu \u00eatre t\u00e9moin d\u2019op\u00e9rations de police, d\u2019expulsions de bidonvilles, de rafles, peut conduire \u00e0 une arrestation, sous couvert de r\u00e9bellion ou de violences \u00e0\u00a0agent.<\/p>\n<p><strong>Ces proc\u00e9d\u00e9s d\u2019intimidation doivent cesser.<\/strong>\u00a0Nous affirmons la l\u00e9gitimit\u00e9 du droit de regard des citoyens et des citoyennes sur les pratiques de l\u2019administration, de la justice ou de la police. Nous voulons que soient encourag\u00e9\u00b7e\u00b7s celles et ceux qui se montrent solidaires des personnes en situation de pr\u00e9carit\u00e9 sans se soucier de savoir si elles sont ou non en situation r\u00e9guli\u00e8re quant au s\u00e9jour. Nous refusons que les populations vis\u00e9es par des politiques ou des pratiques x\u00e9nophobes soient priv\u00e9es de soutien.\u00a0 C\u2019est l\u2019avenir du principe m\u00eame de solidarit\u00e9 qui est en\u00a0jeu.<\/p>\n<p>Pour rappel, si vous souhaitez agir contre ce d\u00e9lit de solidarit\u00e9, voici quelques\u00a0propositions:<\/p>\n<ul>\n<li>Apporter la signature d\u2019une organisation (association, syndicat, collectif), pour rejoindre le collectif \u00e0 partir du 13 janvier, \u00e0 l\u2019adresse mail suivante\u00a0:\u00a0 <span id=\"7fcabfe4911afec8b5b8fd80ef54fc7b1cfad1d3\"><a class=\"mailto\" href=\"mailto:contact@delinquantssolidaires.org\">contact@delinquantssolidaires.org<span class=\"mailto\"><span class=\"element-invisible\">(link sends e-mail)<\/span><\/span><\/a><\/span><\/li>\n<li>Participer \u00e0 la journ\u00e9e d\u2019action le jeudi 9 f\u00e9vrier 2017 pour proclamer que nous sommes tous \u00ab d\u00e9linquants \u00bb et solidaire des \u00e9trangers\u2026\u00c0 Paris, un rassemblement sera organis\u00e9 \u00e0 10 heures.<\/li>\n<li>\u00catre tenu\u22c5e au courant de l\u2019activit\u00e9 du collectif: <a class=\"ext\" href=\"http:\/\/listes.rezo.net\/mailman\/listinfo\/delinquants-solidaires-info\" target=\"_blank\" rel=\"noopener\">inscription<span class=\"ext\"><span class=\"element-invisible\">(link is external)<\/span><\/span><\/a> \u00e0 la liste de diffusion<\/li>\n<li>Contribuer \u00e0 la mobilisation, diffuser de l\u2019info, des textes et photos d\u2019actions de protestation \u2013 utilisez le hashtag\u00a0<strong>#D\u00e9linquantsSolidaires<\/strong>, et la phrase \u00ab Si la solidarit\u00e9 avec les \u00e9trangers est un d\u00e9lit, alors je suis un\u22c5e d\u00e9linquant\u22c5e \u00bb, en ciblant les messages (par ex. @Place_Beauvau ou @justice_gouv\u2026)<\/li>\n<li>S\u2019informer des cas de poursuites pass\u00e9s et en cours dans ce dossier \u00e0\u00a0<a class=\"ext\" href=\"http:\/\/www.gisti.org\/delits-de-solidarite\" target=\"_blank\" rel=\"noopener\">www.gisti.org\/delits-de-solidarite<span class=\"ext\"><span class=\"element-invisible\">(link is external)<\/span><\/span><\/a><\/li>\n<li>Faire conna\u00eetre au collectif des cas relevant, directement ou indirectement, du d\u00e9lit de solidarit\u00e9 \u2013 \u00c9crire \u00e0 &lt; <span id=\"b605c87554ef12002a17312a2b9fd78634a2745c\"><a class=\"mailto\" href=\"mailto:contact-delit-de-solidarite@gisti.org\">contact-delit-de-solidarite@gisti.org<span class=\"mailto\"><span class=\"element-invisible\">(link sends e-mail)<\/span><\/span><\/a><\/span> &gt; \u2013 Attention\u00a0: il faut que l\u2019int\u00e9ress\u00e9\u22c5e soit d\u2019accord pour que son cas soit mis en ligne, m\u00eame anonymis\u00e9 (de fait l\u2019anonymat n\u2019emp\u00eache pas de savoir de qui il s\u2019agit\u2026) ou bien que l\u2019affaire ait d\u00e9j\u00e0 \u00e9t\u00e9 m\u00e9diatis\u00e9e. Les faits essentiels doivent \u00eatre pr\u00e9sent\u00e9s (circonstances, garde \u00e0 vue, comparution, d\u00e9cisions\u2026) et av\u00e9r\u00e9s. Joindre si possible tout document\u00a0officiel.<\/li>\n<\/ul>\n<h2>LISTE DES\u00a0SIGNATAIRES<\/h2>\n<h3>Associations\u00a0nationales<\/h3>\n<ul>\n<li>Acat (Association chr\u00e9tienne contre la torture et la peine de\u00a0mort)<\/li>\n<li>ACIAH (Accessibilit\u00e9, communication, information, accompagnement du\u00a0handicap)<\/li>\n<li>Acort (Assembl\u00e9e citoyenne des originaires de\u00a0Turquie)<\/li>\n<li>Act\u00a0Up-Paris<\/li>\n<li>ADDE (Avocats pour la d\u00e9fense des droits des\u00a0\u00e9trangers)<\/li>\n<li>ADMIE (Association pour la D\u00e9fense des Mineurs Isol\u00e9s\u00a0Etrangers)<\/li>\n<li>AFVS (Association des familles victimes du\u00a0saturnisme)<\/li>\n<li>AMF (Association des Marocains en\u00a0France)<\/li>\n<li>Amoureux au ban public\u00a0(Les)<\/li>\n<li>Anaf\u00e9 (Association nationale d\u2019assistance aux fronti\u00e8res pour les\u00a0\u00e9trangers)<\/li>\n<li>ATMF (Association des travailleurs maghr\u00e9bins de\u00a0France)<\/li>\n<li>Attac\u00a0France<\/li>\n<li>CADTM France (Comit\u00e9 pour l\u2019abolition des dettes\u00a0ill\u00e9gitimes)<\/li>\n<li>Catred (Collectif des accident\u00e9s du travail, handicap\u00e9s et retrait\u00e9s pour l\u2019\u00e9galit\u00e9 des\u00a0droits)<\/li>\n<li>CCFD-Terre\u00a0solidaire<\/li>\n<li>Cedetim\/Ipam (Centre d\u2019\u00e9tudes et d\u2019initiatives de solidarit\u00e9\u00a0internationale)<\/li>\n<li>Ceras (Centre de recherche et d\u2019action\u00a0sociales)<\/li>\n<li>Christianisme\u00a0social<\/li>\n<li>Cnafal (Conseil national des associations familiales\u00a0la\u00efques)<\/li>\n<li>Collectif National Droits de l\u2019Homme\u00a0Romeurope<\/li>\n<li>Collectif Ni Guerres Ni \u00c9tat de\u00a0Guerre<\/li>\n<li>Comede (Comit\u00e9 pour la sant\u00e9 des\u00a0exil\u00e9s)<\/li>\n<li>Comegas (Collectif des m\u00e9decins g\u00e9n\u00e9ralistes pour l\u2019acc\u00e8s aux\u00a0soins)<\/li>\n<li>Convivances<\/li>\n<li>Copaf (Collectif pour l\u2019avenir des\u00a0foyers)<\/li>\n<li>Culture et\u00a0Libert\u00e9<\/li>\n<li>Dom\u2019Asile<\/li>\n<li>Elena-France (Avocats du droit\u00a0d\u2019asile)<\/li>\n<li>Emma\u00fcs\u00a0France<\/li>\n<li>Emma\u00fcs\u00a0International<\/li>\n<li>Fasti (F\u00e9d\u00e9ration des associations de solidarit\u00e9 avec tou-te-s les\u00a0immigr\u00e9-e-s)<\/li>\n<li>FCPE (F\u00e9d\u00e9ration des Conseils de parents d\u2019\u00e9l\u00e8ves des \u00e9coles\u00a0publiques)<\/li>\n<li>F\u00e9d\u00e9ration Entraide\u00a0Protestante<\/li>\n<li>Fnars (F\u00e9d\u00e9ration des acteurs de la\u00a0solidarit\u00e9)<\/li>\n<li>Fondation Abb\u00e9\u00a0Pierre<\/li>\n<li>FTCR (F\u00e9d\u00e9ration des Tunisiens pour une citoyennet\u00e9 des deux\u00a0rives)<\/li>\n<li>Gisti (Groupe d\u2019information et de soutien des\u00a0immigr\u00e9\u00b7e\u00b7s)<\/li>\n<li>Jesuit Refugee Service (JRS)\u00a0France<\/li>\n<li>La\u00a0Cimade<\/li>\n<li>LDH (Ligue des droits de\u00a0l\u2019Homme)<\/li>\n<li>M\u00e9decins du Monde\u00a0France<\/li>\n<li>Migrations\u00a0sant\u00e9<\/li>\n<li>Mrap (Mouvement contre le racisme et pour l\u2019amiti\u00e9 entre les\u00a0peuples)<\/li>\n<li>Peuple et\u00a0Culture<\/li>\n<li>RESF (R\u00e9seau \u00c9ducation Sans\u00a0Fronti\u00e8res)<\/li>\n<li>R\u00e9sister\u00a0Aujourd\u2019hui<\/li>\n<li>Revivre (association de soutien aux demandeurs d\u2019asile, r\u00e9fugi\u00e9s syriens et prisonniers politiques en\u00a0Syrie)<\/li>\n<li>Secours\u00a0Catholique<\/li>\n<li>UJFP (Union juive fran\u00e7aise pour la\u00a0paix)<\/li>\n<li><strong>Utopia\u00a056<\/strong><\/li>\n<\/ul>\n<p>&nbsp;<\/p>\n<h3>Associations\u00a0locales<\/h3>\n<p><em>Auvergne-Rh\u00f4ne-Alpes<\/em><\/p>\n<ul>\n<li>ADA (Accueil demandeurs d\u2019asile) \u2013\u00a0Rh\u00f4ne-Alpes<\/li>\n<li>Apardap (Association de parrainage r\u00e9publicain des demandeurs d\u2019asile et de protection) \u2013\u00a0Is\u00e8re<\/li>\n<li>Asda (Association de solidarit\u00e9 avec les demandeurs d\u2019asile de\u00a0l\u2019Ain)<\/li>\n<li>Asti de Romans\u00a0(Dr\u00f4me)<\/li>\n<li>Attac \u2013 comit\u00e9 local\u00a0Rh\u00f4ne<\/li>\n<li>Comit\u00e9 de parrainage de familles demandeurs d\u2019asile du canton de Firminy\u00a0(42)<\/li>\n<li>RESF 03\u00a0(Allier)<\/li>\n<li>RESF Saint-Etienne (42 \u2013\u00a0Loire)<\/li>\n<li>RESF 43\u00a0(Haute-Loire)<\/li>\n<li>RESF 63\u00a0(Puy-de-D\u00f4me)<\/li>\n<li>Roms Action\u00a0(Grenoble)<\/li>\n<li>RUSF 38\u00a0(Is\u00e8re)<\/li>\n<\/ul>\n<p>&nbsp;<\/p>\n<p><em>Bourgogne-Franche-Comt\u00e9<\/em><\/p>\n<ul>\n<li>CDAFAL (Conseil d\u00e9partemental des associations familiales la\u00efques) \u2013 70\u00a0Haute-Sa\u00f4ne<\/li>\n<li>CDDDLE (Collectif de d\u00e9fense des droits et libert\u00e9s des \u00e9trangers) Besan\u00e7on,\u00a0Doubs<\/li>\n<li>Collectif Creusot-Autun des Droits de\u00a0l\u2019Homme<\/li>\n<li>Groupe Proudhon de la F\u00e9d\u00e9ration anarchiste de Besan\u00e7on\u00a0(25)<\/li>\n<li>L\u2019Autodidacte (Librairie\u00a0associative)<\/li>\n<li>Les Amis du CADA (Digoin,\u00a0Sa\u00f4ne-et-Loire)<\/li>\n<li>RESF 25\u00a0(Doubs)<\/li>\n<li>RSM 89 (R\u00e9seau de Soutien aux Migrants de\u00a0l\u2019Yonne)<\/li>\n<li>Sol Mi Re (Collectif Solidarit\u00e9 Migrants R\u00e9fugi\u00e9s) \u2013\u00a0Franche-Comt\u00e9<\/li>\n<\/ul>\n<p>&nbsp;<\/p>\n<p><em>Bretagne<\/em><\/p>\n<ul>\n<li>Collectif de soutien aux migrants de\u00a0Roscoff<\/li>\n<li>Collectif de soutien aux \u00ab sans papiers \u00bb du Tr\u00e9gor Go\u00e9lo\u00a0(22)<\/li>\n<\/ul>\n<p>&nbsp;<\/p>\n<p><em>Centre-Val-de-Loire<\/em><\/p>\n<ul>\n<li>La Cimade \u2013 groupe local de\u00a0Blois<\/li>\n<\/ul>\n<p>&nbsp;<\/p>\n<p><em>Grand-Est<\/em><\/p>\n<ul>\n<li>Casam (Collectif d\u2019aide aux demandeurs d\u2019asile en\u00a0Moselle)<\/li>\n<\/ul>\n<p>&nbsp;<\/p>\n<p><em>Hauts-de-France<\/em><\/p>\n<ul>\n<li>ACC Minorit\u00e9s visibles\u00a0(Dunkerque)<\/li>\n<li>Adra\u00a0Dunkerque<\/li>\n<li>Arras Solidarit\u00e9\u00a0r\u00e9fugi\u00e9s<\/li>\n<li>Attac\u00a0Artois<\/li>\n<li>Auberge des Migrants\u00a0(L\u2019)<\/li>\n<li>Autrement Dire\u00a0(Aisne)<\/li>\n<li>Care4Calais<\/li>\n<li>Collectif ami\u00e9nois des sans\u00a0papiers<\/li>\n<li>Collectif de soutien \u00e0 Jean Luc\u00a0Munro<\/li>\n<li>Droit de V\u00e9rit\u00e9, devoir de justice\u00a0(Amiens)<\/li>\n<li>\u00c9quipe de soutien juridique de\u00a0Dunkerque<\/li>\n<li>Flandres Terre\u00a0solidaire<\/li>\n<li>Fraternit\u00e9 Migrants Bassin Minier\u00a062<\/li>\n<li>La Cabane juridique \/ Legal\u00a0Shelter<\/li>\n<li>La Cimade R\u00e9gionale Nord\u00a0Picardie<\/li>\n<li>La Fraternit\u00e9\u00a0(Bruay-la-Buissi\u00e8re)<\/li>\n<li>Le R\u00e9veil\u00a0Voyageur<\/li>\n<li>Mrap\u00a0Dunkerque<\/li>\n<li>Planning familial\u00a0Pas-de-Calais<\/li>\n<li>Roms\u00a05962.fr<\/li>\n<li>Salam\u00a0Nord\/Pas-de-Calais<\/li>\n<li>Solidarit\u00e9 sans papiers\u00a0(Creil)<\/li>\n<li>Terre\u00a0d\u2019errance<\/li>\n<li>Terre d\u2019errance Flandres\u00a0littoral<\/li>\n<li>TRAAM (Tissage R\u00e9seau Armenti\u00e9rois Accueil\u00a0Migrants)<\/li>\n<li>Wise (Walking in the\u00a0streets\u2019essence)<\/li>\n<\/ul>\n<p>&nbsp;<\/p>\n<p><em>\u00cele-de-France<\/em><\/p>\n<ul>\n<li>ABC\u2019\u00e9ditions (Ah Bienvenus Clandestins), maison d\u2019\u00e9dition associative,\u00a0Paris<\/li>\n<li>Actes et\u00a0Cit\u00e9s<\/li>\n<li>ASEFRR (Association Solidarit\u00e9 Essonne Familles Roumaines et\u00a0Rroms)<\/li>\n<li>Aset 93 (Association d\u2019aide \u00e0 la scolarisation des enfants\u00a0Tsiganes)<\/li>\n<li>Assembl\u00e9e citoyenne du\u00a014\u00e8me<\/li>\n<li>Association Encrages\u00a0(Paris)<\/li>\n<li>Asti\u00a093<\/li>\n<li>Autremonde<\/li>\n<li>BAAM (Bureau d\u2019accueil et d\u2019accompagnement des\u00a0migrants)<\/li>\n<li>Cercle de r\u00e9sistance (Paris), collectif \u00ab~Nous soutenons les migrants sans\u00a0papiers~\u00bb<\/li>\n<li>Cercle de silence de\u00a0Cergy-Pontoise<\/li>\n<li>Cercle Louis Guilloux,\u00a0Paris<\/li>\n<li>CIVCR (Collectif Ivryen de Vigilance Contre le Racisme et pour l\u2019aide aux sans\u00a0papiers)<\/li>\n<li>Collectif de Vigilance Paris12 pour les droits des \u00e9trangers\u00a0-RESF<\/li>\n<li>Collectif \u00ab Migrants: changeons notre regard~! \u00bb \u2013 Antony\u00a0(92)<\/li>\n<li>Collectif Romeurope du Val\u00a0Maubu\u00e9e<\/li>\n<li>Collectif de soutien 5\u00e8-13\u00e8 aux migrants\u00a0d\u2019Austerlitz<\/li>\n<li>Coordination des intermittents et pr\u00e9caires CIP \u2013 \u00cele de\u00a0France<\/li>\n<li>CSF (Conf\u00e9d\u00e9ration Syndicale des Familles), Dammarie-les-Lys \u2013\u00a077<\/li>\n<li>Ecodrom\u00a093<\/li>\n<li>Hors la\u00a0Rue<\/li>\n<li>Inter-Collectif Parisien de Soutien aux\u00a0Migrant-es<\/li>\n<li>Kolone (Association pour l\u2019enseignement du fran\u00e7ais aux nouveaux\u00a0arrivants)<\/li>\n<li>La Chapelle\u00a0debout<\/li>\n<li>Observatoire Citoyen du CRA de\u00a0Palaiseau<\/li>\n<li>Paris\u00a0d\u2019exil<\/li>\n<li>Pride de\u00a0Nuit<\/li>\n<li>RESF\u00a0Clichy-Montfermeil<\/li>\n<li>RESF\u00a093<\/li>\n<li>Romeurope\u00a094<\/li>\n<li>Sang Pour Sans (Champigny,\u00a094)<\/li>\n<li>Solidarit\u00e9 migrants\u00a0Wilson<\/li>\n<li>Turbulences\u00a0Marne-La-Vall\u00e9e<\/li>\n<\/ul>\n<p>&nbsp;<\/p>\n<p><em>Normandie<\/em><\/p>\n<ul>\n<li>Collectif Saint-Lois d\u2019aide aux migrants\u00a0(Saint-L\u00f4)<\/li>\n<li>Itin\u00e9rance\u00a0Dieppe<\/li>\n<li>Itin\u00e9rance\u00a0Cherbourg<\/li>\n<li>Itin\u00e9rance Sud\u00a0Manche<\/li>\n<li>RESF\u00a027<\/li>\n<\/ul>\n<p>&nbsp;<\/p>\n<p><em>Nouvelle-Aquitaine<\/em><\/p>\n<ul>\n<li>Asti \u2013\u00a0Bordeaux<\/li>\n<li>La Cimade \u2013 groupe local Eymoutiers\u00a0(87)<\/li>\n<li>La Cimade \u2013 groupe de\u00a0Pau<\/li>\n<li>MAS (montagne accueil solidarit\u00e9) Eymoutiers\u00a0(Haute-Vienne)<\/li>\n<li>Peuple et culture \u2013\u00a0Corr\u00e8ze<\/li>\n<\/ul>\n<p>&nbsp;<\/p>\n<p><em>Occitanie<\/em><\/p>\n<ul>\n<li>Association nationale des Pieds noirs progressistes \u2013 comit\u00e9 r\u00e9gional\u00a0Occitanie<\/li>\n<li>Association \u00e9coles Tiers Mondes\u00a0(Cahors)<\/li>\n<li>Attac\u00a0Toulouse<\/li>\n<li>Cercle des Voisins du CRA de Cornebarrieu\u00a0(Haute-Garonne)<\/li>\n<li>La Cimade \u2013 groupe\u00a0d\u2019Al\u00e8s<\/li>\n<li>Citoyens en Pays Portes de Gascogne (Samatan,\u00a0Gers)<\/li>\n<li>\u00c9galit\u00e9 Toulouse Mirail\u00a0(Toulouse)<\/li>\n<li>\u00c9galit\u00e9 Toulouse Mirail\u00a0(Toulouse)<\/li>\n<li>LDH \u2013\u00a0Ari\u00e8ge<\/li>\n<li>LDH \u2013 section\u00a0Gaillac-Tarn<\/li>\n<li>LDH Tarbes Bagn\u00e8res\u00a0(65)<\/li>\n<li>Liridona\u00a0(Loz\u00e8re)<\/li>\n<li>Planning familial 48\u00a0(Loz\u00e8re)<\/li>\n<li>RESF 09\u00a0(Ari\u00e8ge)<\/li>\n<li>RESF 34\u00a0(H\u00e9rault)<\/li>\n<li>RESF 48\u00a0(Loz\u00e8re)<\/li>\n<li>RESF 65\u00a0(Hautes-Pyr\u00e9n\u00e9es)<\/li>\n<li>Solidarit\u00e9 Migrants Graulhet\u00a0(81)<\/li>\n<\/ul>\n<p>&nbsp;<\/p>\n<p><em>PACA<\/em><\/p>\n<ul>\n<li>Association pour la d\u00e9mocratie \u00e0\u00a0Nice<\/li>\n<li>Association Vall\u00e9es solidaires\u00a0(06)<\/li>\n<li>Beaux rep\u00e8res\u00a0(Avignon)<\/li>\n<li>Collectif Agir \u00e0 Aix-en-Provence pour l\u2019accueil des migrants en pays\u00a0d\u2019Aix<\/li>\n<li>Collectif R\u00e9fugi\u00e9s de Comtat\u00a0(Vaucluse)<\/li>\n<li>Comit\u00e9 r\u00e9gional LDH\u00a0PACA<\/li>\n<li>Coviam (Comit\u00e9 de vigilance des Alpes\u00a0Maritimes)<\/li>\n<li>Groupe Cimadevar\u00a083<\/li>\n<li>Habitat et citoyennet\u00e9\u00a0(Nice)<\/li>\n<li>La Cimade \u2013 groupe de Gap\u00a0(05)<\/li>\n<li>La Cimade \u2013 groupe Var\u00a0(83)<\/li>\n<li>Marseille en \u00e9tat d\u2019urgence\u00a0sociale<\/li>\n<li>M\u00e9decins du Monde \u2013\u00a0PACA<\/li>\n<li>Mrap\u00a0Vaucluse<\/li>\n<li>RESF 06\u00a0(Alpes-Maritimes)<\/li>\n<li>RESF 83\u00a0(Var)<\/li>\n<li>Roya citoyenne\u00a0(La)<\/li>\n<li>Secours catholique 06 (Alpes\u00a0maritimes)<\/li>\n<li>Tous migrants (Brian\u00e7on,\u00a0Hautes-Alpes)<\/li>\n<\/ul>\n<p>&nbsp;<\/p>\n<p><em>Pays-de-la-Loire<\/em><\/p>\n<ul>\n<li>GASPROM -Asti de\u00a0Nantes<\/li>\n<li>DAL (Droit au logement) \u2013\u00a044<\/li>\n<li>Journal La M\u00e9e \u2013 Ch\u00e2teaubriand\u00a0(44)<\/li>\n<\/ul>\n<p>&nbsp;<\/p>\n<h3>Organisations\u00a0syndicales<\/h3>\n<p><em>Unions\u00a0nationales<\/em><\/p>\n<ul>\n<li>\u00c9mancipation tendance\u00a0intersyndicale<\/li>\n<li>FERC CGT (F\u00e9d\u00e9ration de l\u2019\u00c9ducation, de la Recherche et de la\u00a0Culture)<\/li>\n<li>Info\u2019Com-CGT<\/li>\n<li>SAF (Syndicat des avocats de\u00a0France)<\/li>\n<li>SGLCE-CGT (Syndicat G\u00e9n\u00e9ral du Livre et de la Communication \u00c9crite\u00a0CGT)<\/li>\n<li>SNUipp-FSU (Syndicat national unitaire des instituteurs et professeurs des \u00e9coles et\u00a0PEGC)<\/li>\n<li>SNPES-PJJ-FSU (Syndicat National des Personnels de L\u2019\u00c9ducation et du\u00a0Social)<\/li>\n<li>Solidaires\u00a0\u00c9tudiant-e-s<\/li>\n<li>SUD Collectivit\u00e9s\u00a0territoriales<\/li>\n<li>SUD\u00a0\u00c9ducation<\/li>\n<li>SUD Logement\u00a0social<\/li>\n<li>SUD Sant\u00e9\u00a0Sociaux<\/li>\n<li>Syndicat de la\u00a0Magistrature<\/li>\n<li>Union syndicale\u00a0Solidaires<\/li>\n<\/ul>\n<p>&nbsp;<\/p>\n<p><em>Union d\u00e9partementales et\u00a0locales<\/em><\/p>\n<ul>\n<li>FSU\u00a059\/62<\/li>\n<li>Solidaires 30\u00a0(Gard)<\/li>\n<li>SUD Industrie\u00a0Francilien<\/li>\n<li>Union d\u00e9partementale Solidaires\u00a0Pas-de-Calais<\/li>\n<li>Union d\u00e9partementale syndicale Solidaires\u00a021<\/li>\n<li>Union d\u00e9partementale SUD \u00c9ducation\u00a0Alsace<\/li>\n<\/ul>\n<p>&nbsp;<\/p>\n<p><em>R\u00e9seaux\u00a0internationaux<\/em><\/p>\n<ul>\n<li>EuroMed\u00a0Droits<\/li>\n<li>Forum civique\u00a0europ\u00e9en<\/li>\n<\/ul>\n<p>&nbsp;<\/p>\n<h3>Avec le soutien des organisations\u00a0politiques<\/h3>\n<ul>\n<li>Alternative\u00a0Libertaire<\/li>\n<li>EELV (Europe \u00c9cologie Les\u00a0Verts)<\/li>\n<li>OCL (Organisation communiste\u00a0libertaire)<\/li>\n<li>PCF \u2013 Parti communiste\u00a0fran\u00e7ais<\/li>\n<\/ul>\n","protected":false},"excerpt":{"rendered":"<p>Un collectif \u00abD\u00e9linquants solidaires(link is external)\u00bb vient de se mettre  [&#8230;]<\/p>\n","protected":false},"author":1,"featured_media":1041,"comment_status":"open","ping_status":"open","sticky":false,"template":"","format":"standard","meta":{"footnotes":""},"categories":[6,17],"tags":[],"class_list":["post-1040","post","type-post","status-publish","format-standard","has-post-thumbnail","hentry","category-communique","category-manifestation"],"_links":{"self":[{"href":"http:\/\/test.utopia56.org\/index.php\/wp-json\/wp\/v2\/posts\/1040","targetHints":{"allow":["GET"]}}],"collection":[{"href":"http:\/\/test.utopia56.org\/index.php\/wp-json\/wp\/v2\/posts"}],"about":[{"href":"http:\/\/test.utopia56.org\/index.php\/wp-json\/wp\/v2\/types\/post"}],"author":[{"embeddable":true,"href":"http:\/\/test.utopia56.org\/index.php\/wp-json\/wp\/v2\/users\/1"}],"replies":[{"embeddable":true,"href":"http:\/\/test.utopia56.org\/index.php\/wp-json\/wp\/v2\/comments?post=1040"}],"version-history":[{"count":0,"href":"http:\/\/test.utopia56.org\/index.php\/wp-json\/wp\/v2\/posts\/1040\/revisions"}],"wp:featuredmedia":[{"embeddable":true,"href":"http:\/\/test.utopia56.org\/index.php\/wp-json\/wp\/v2\/media\/1041"}],"wp:attachment":[{"href":"http:\/\/test.utopia56.org\/index.php\/wp-json\/wp\/v2\/media?parent=1040"}],"wp:term":[{"taxonomy":"category","embeddable":true,"href":"http:\/\/test.utopia56.org\/index.php\/wp-json\/wp\/v2\/categories?post=1040"},{"taxonomy":"post_tag","embeddable":true,"href":"http:\/\/test.utopia56.org\/index.php\/wp-json\/wp\/v2\/tags?post=1040"}],"curies":[{"name":"wp","href":"https:\/\/api.w.org\/{rel}","templated":true}]}}