{"id":10246,"date":"2023-03-26T10:25:46","date_gmt":"2023-03-26T08:25:46","guid":{"rendered":"https:\/\/utopia56.org\/?p=10246"},"modified":"2023-03-26T10:25:46","modified_gmt":"2023-03-26T08:25:46","slug":"denoncer-la-violence-detat","status":"publish","type":"post","link":"http:\/\/test.utopia56.org\/index.php\/2023\/03\/26\/denoncer-la-violence-detat\/","title":{"rendered":"D\u00e9noncer la violence d&#8217;\u00c9tat"},"content":{"rendered":"<p>Depuis quelques jours, le regard se pose sur <strong>la violence instaur\u00e9e par l\u2019\u00c9tat au travers de sa police<\/strong> suite \u00e0 l&#8217;imposition de la r\u00e9forme des retraites par le gouvernement.<\/p>\n<p>Cette violence-l\u00e0, <strong>Utopia 56 en est t\u00e9moin de mani\u00e8res r\u00e9p\u00e9t\u00e9es et organis\u00e9es depuis des ann\u00e9es<\/strong> \u00e0 Paris, \u00e0 Calais, mais \u00e9galement par d&#8217;autres associations et citoyen\u00b7nes \u00e0 Brian\u00e7on, dans la vall\u00e9e de la Roya et ailleurs.<\/p>\n<p>Ces personnes viennent d&#8217;au-del\u00e0 de nos fronti\u00e8res, elles sont migrantes, exil\u00e9es. Beaucoup d&#8217;entre elles survivent dans la rue, sans ressource et souvent seules.<\/p>\n<p>Les nasses et les arrestations arbitraires lorsque des personnes manifestent pour leurs droits, l\u2019intimidation et les insultes en dehors et au sein des commissariats, les humiliations collectives parqu\u00e9es le long des murs, la violence physique ill\u00e9gitime \u00e0 coups de poings, de gaz et de matraques, sont communes. Beaucoup garderont un traumatisme \u00e0 vie de ces violences et ne pourront jamais voir la police comme une institution qui les prot\u00e8ge.<\/p>\n<p>Si les plaintes et les preuves sont rares, c&#8217;est que beaucoup de ces personnes ont peur que des r\u00e9percussions sur leur int\u00e9gration et leur droit au s\u00e9jour puissent exister. Beaucoup acceptent cette violence en silence par peur d\u2019une vengeance de l\u2019\u00c9tat dont elles ne pourraient se d\u00e9fendre. Les quelques plaintes qui sont d\u00e9pos\u00e9es par courage et abn\u00e9gation finissent class\u00e9es puis oubli\u00e9es, comme celles d\u00e9pos\u00e9es par 33 victimes apr\u00e8s les expulsions particuli\u00e8rement violentes du campement de Saint-Denis puis de la place de la R\u00e9publique le 18 et 23 novembre 2021. Le parquet a machinalement consid\u00e9r\u00e9 la violence d&#8217;\u00c9tat l\u00e9gitime.<\/p>\n<p>Depuis l\u2019existence d\u2019Utopia 56 et malgr\u00e9 des centaines de t\u00e9moignages, jamais l\u2019\u00c9tat n\u2019a \u00e9t\u00e9 inqui\u00e9t\u00e9, jamais aucun responsable n\u2019a eu \u00e0 r\u00e9pondre de ces violences. L\u2019IGPN, elle aussi saisie \u00e0 plusieurs reprises, est loin d\u2019avoir rempli son r\u00f4le.<\/p>\n<p>Cette violence polici\u00e8re m\u00e9thodique a son objectif : <strong>terrifier pour dissuader.<\/strong><\/p>\n<p>Dissuader de manifester ses droits et ses espoirs, dissuader de chercher refuge en France comme en Europe.<\/p>\n<p>Cette violence dissuade aussi celles et ceux qui viennent en aide, les b\u00e9n\u00e9voles, souvent jeunes, qui du soir au matin s&#8217;engagent pour redonner un sens aux droits fondamentaux qui fondent notre devise et constitution. Au-del\u00e0 des contr\u00f4les d&#8217;identit\u00e9 ill\u00e9gitimes \u00e0 r\u00e9p\u00e9tition, de l&#8217;intimidation et des entraves, ce sont plus de 20 000\u20ac d&#8217;amendes ill\u00e9gales qui ont \u00e9t\u00e9 attibu\u00e9es \u00e0 nos b\u00e9n\u00e9voles ces trois derni\u00e8res ann\u00e9es.<\/p>\n<p>Parall\u00e8lement aux s\u00e9quelles individuelles, cette violence d\u2019\u00c9tat l\u00e9gitime la stigmatisation, la haine et la violence dans l\u2019ensemble de la soci\u00e9t\u00e9. Ce mardi, dans le m\u00eame temps que les manifestations, le maire de Saint-Brevin a vu son domicile et ses v\u00e9hicules incendi\u00e9s parce qu&#8217;il porte l&#8217;ouverture d&#8217;un centre d\u2019accueil pour des personnes en demande d\u2019asile. Le gouvernement n\u2019a, pour l\u2019instant, pas r\u00e9agi \u00e0 cette attaque.<\/p>\n<p>Afin que ces violences s\u2019arr\u00eatent et que justice soit faite, nous demandons que des poursuites soient ouvertes \u00e0 l\u2019encontre du Ministre de l&#8217;Int\u00e9rieur, G\u00e9rald Darmanin, et bon nombre de pr\u00e9fets qui, hier comme aujourd\u2019hui, organisent la violence et contribuent au d\u00e9sordre public.<\/p>\n<p>Nous appelons tous les citoyens et agents de l\u2019\u00c9tat, t\u00e9moins ou victimes, \u00e0 documenter, \u00e0 s\u2019opposer et \u00e0 d\u00e9noncer ces pratiques. <strong>Cette violence que le gouvernement refuse de reconnaitre doit cesser imm\u00e9diatement.<\/strong><\/p>\n","protected":false},"excerpt":{"rendered":"<p>Depuis quelques jours, le regard se pose sur la violence  [&#8230;]<\/p>\n","protected":false},"author":1,"featured_media":10247,"comment_status":"closed","ping_status":"open","sticky":false,"template":"","format":"standard","meta":{"footnotes":""},"categories":[6],"tags":[],"class_list":["post-10246","post","type-post","status-publish","format-standard","has-post-thumbnail","hentry","category-communique"],"_links":{"self":[{"href":"http:\/\/test.utopia56.org\/index.php\/wp-json\/wp\/v2\/posts\/10246","targetHints":{"allow":["GET"]}}],"collection":[{"href":"http:\/\/test.utopia56.org\/index.php\/wp-json\/wp\/v2\/posts"}],"about":[{"href":"http:\/\/test.utopia56.org\/index.php\/wp-json\/wp\/v2\/types\/post"}],"author":[{"embeddable":true,"href":"http:\/\/test.utopia56.org\/index.php\/wp-json\/wp\/v2\/users\/1"}],"replies":[{"embeddable":true,"href":"http:\/\/test.utopia56.org\/index.php\/wp-json\/wp\/v2\/comments?post=10246"}],"version-history":[{"count":0,"href":"http:\/\/test.utopia56.org\/index.php\/wp-json\/wp\/v2\/posts\/10246\/revisions"}],"wp:featuredmedia":[{"embeddable":true,"href":"http:\/\/test.utopia56.org\/index.php\/wp-json\/"}],"wp:attachment":[{"href":"http:\/\/test.utopia56.org\/index.php\/wp-json\/wp\/v2\/media?parent=10246"}],"wp:term":[{"taxonomy":"category","embeddable":true,"href":"http:\/\/test.utopia56.org\/index.php\/wp-json\/wp\/v2\/categories?post=10246"},{"taxonomy":"post_tag","embeddable":true,"href":"http:\/\/test.utopia56.org\/index.php\/wp-json\/wp\/v2\/tags?post=10246"}],"curies":[{"name":"wp","href":"https:\/\/api.w.org\/{rel}","templated":true}]}}