{"id":10011,"date":"2023-03-15T11:02:47","date_gmt":"2023-03-15T10:02:47","guid":{"rendered":"https:\/\/utopia56.org\/?p=10011"},"modified":"2023-03-15T11:02:47","modified_gmt":"2023-03-15T10:02:47","slug":"sommet-franco-britannique-du-10-mars-2023-une-declaration-morbide-pour-les-personnes-exilees","status":"publish","type":"post","link":"http:\/\/test.utopia56.org\/index.php\/2023\/03\/15\/sommet-franco-britannique-du-10-mars-2023-une-declaration-morbide-pour-les-personnes-exilees\/","title":{"rendered":"Sommet franco-britannique du 10 mars 2023 \u2013 Une d\u00e9claration morbide pour les personnes exil\u00e9es"},"content":{"rendered":"<p>Le 10 mars dernier, Emmanuel Macron a re\u00e7u \u00e0 l\u2019Elys\u00e9e son homologue britannique, Rishi Sunak. Lors de cette rencontre a \u00e9t\u00e9 abord\u00e9e, entre autres sujets, la question de \u00ab l\u2019immigration irr\u00e9guli\u00e8re \u00bb.<\/p>\n<p>Plus d\u2019un demi-milliard d\u2019euros engag\u00e9s par le Royaume-Uni d\u2019ici 2026 pour renforcer la fronti\u00e8re et emp\u00eacher les travers\u00e9es ), le d\u00e9ploiement de 500 nouveaux membres des services op\u00e9rationnels et d\u2019autres ressources humaines britanniques en France, de nouveaux \u00e9quipements de surveillance, davantage de drones, d\u2019h\u00e9licopt\u00e8res et d\u2019a\u00e9ronefs ou encore la cr\u00e9ation d\u2019un centre de r\u00e9tention.<\/p>\n<p>Autant d\u2019annonces qui ne sont que la reconduite \u00e0 l\u2019identique et l\u2019acc\u00e9l\u00e9ration de la politique de militarisation de la fronti\u00e8re men\u00e9e depuis des ann\u00e9es par les gouvernements fran\u00e7ais et britanniques. Or, cette politique n\u2019a pas eu et n\u2019aura pas comme cons\u00e9quence d\u2019emp\u00eacher les passages vers le Royaume-Uni . Elle ne fera que rendre plus dangereuse et plus co\u00fbteuse en vies humaines encore ces travers\u00e9es.<\/p>\n<p>Ainsi, malgr\u00e9 les 22 accords bilat\u00e9raux existant depuis les ann\u00e9es 90 entre la France et le Royaume-Uni, malgr\u00e9 les 160 millions d\u00e9di\u00e9s \u00e0 85% au renforcement de la fronti\u00e8re en 2020 et l\u2019annonce de 72,2 millions annonc\u00e9s par le Royaume-Uni \u00e0 cette fin en novembre 2022, malgr\u00e9 les 1 186 forces de l\u2019ordre d\u00e9j\u00e0 comptabilis\u00e9es \u00e0 Calais en octobre 2017 selon un rapport de l\u2019IGPN, malgr\u00e9 la pr\u00e9sence de drones, d\u2019h\u00e9licopt\u00e8res, de barbel\u00e9s sophistiqu\u00e9s, de d\u00e9tecteurs de chaleurs humaines, malgr\u00e9 tous les moyens d\u00e9j\u00e0 d\u00e9pens\u00e9s pour faire croire \u00e0 la fiction d\u2019une fermeture de la fronti\u00e8re, 45 000 exil\u00e9s ont d\u00e9j\u00e0 travers\u00e9 la Manche en 2022. Un chiffre en augmentation par rapport aux ann\u00e9es pr\u00e9c\u00e9dentes mais qui reste \u00e0 relativiser pour une population britannique de 66 millions d\u2019habitants.<\/p>\n<p>Ce chiffre montre que ces politiques inhumaines sont couteuses et inefficaces.<\/p>\n<p>Les personnes exil\u00e9es ont r\u00e9ussi \u00e0 rejoindre le Royaume-Uni, mais \u00e0 quel prix ? Plus de 360 personnes ont perdu la vie \u00e0 la fronti\u00e8re franco-britannique depuis 1999, et beaucoup d\u2019autres ont disparu dans les eaux de la Manche. Lors d\u2019une \u00e9tude r\u00e9alis\u00e9e \u00e0 l\u2019\u00e9t\u00e9 2021 \u00e0 Calais, 35% des personnes interrog\u00e9es t\u00e9moignaient de blessures et de mutilations lors des tentatives de passage.<\/p>\n<p>Nos associations ne cessent de le r\u00e9p\u00e9ter, il est urgent de changer de politique \u00e0 la fronti\u00e8re franco-britannique. Nous demandons que les moyens actuellement d\u00e9ploy\u00e9s aux fins d\u2019expulsions de campements et de saisies d\u2019affaires soient red\u00e9ploy\u00e9s en faveur de la couverture des besoins vitaux et des droits fondamentaux des personnes exil\u00e9es bloqu\u00e9es \u00e0 cette fronti\u00e8re.<\/p>\n<p>Nous demandons l\u2019ouverture de voies s\u00fbres et l\u00e9gales de migration mais \u00e9galement la protection du droit \u00e0 demander l\u2019asile aux fronti\u00e8res d\u2019un Etat tel que consacr\u00e9 par la Convention de Gen\u00e8ve de 1951.<\/p>\n<p>Nous demandons enfin de r\u00e9gulariser plus largement les personnes qui peuvent l\u2019\u00eatre en France afin de leur donner la possibilit\u00e9 de s\u2019installer en France si elles le souhaitent.<\/p>\n<p>Si cela n\u2019est pas fait, l\u2019objectif de \u00ab sauver des vies en pr\u00e9venant des travers\u00e9es dangereuses \u00bb \u00e9nonc\u00e9 dans la d\u00e9claration conjointe franco-britannique ne constituera qu\u2019un v\u0153u pieux ou, disons-le clairement, qu\u2019un nouveau mensonge.<\/p>\n<p>&nbsp;<\/p>\n<p><span style=\"text-decoration: underline;\">Associations signataires<\/span> : <em>Amnesty international France, Channel Info Project, Emma\u00fcs Dunkerque Help4Dunkerque, Itin\u00e9rance Cherbourg, La Cimade, L&#8217;auberge des migrants, Ligue des Droits de l&#8217;Homme Dunkerque, M\u00e9decins du Monde, M\u00e9decins sans fronti\u00e8res, MRAP &#8211; Littoral dunkerquois, Plateforme citoyenne Bel Refugees asbl, Project Play Refugee, Women Center, Safe Passage, Secours catholique Nord-Lille, Secours catholique Orne-Calvados, Secours catholique Pas-de-Calais, Utopia 56\u00a0<\/em><\/p>\n","protected":false},"excerpt":{"rendered":"<p>Le 10 mars dernier, Emmanuel Macron a re\u00e7u \u00e0 l\u2019Elys\u00e9e  [&#8230;]<\/p>\n","protected":false},"author":1,"featured_media":10012,"comment_status":"closed","ping_status":"open","sticky":false,"template":"","format":"standard","meta":{"footnotes":""},"categories":[12,6,14],"tags":[],"class_list":["post-10011","post","type-post","status-publish","format-standard","has-post-thumbnail","hentry","category-calais","category-communique","category-grande-synthe"],"_links":{"self":[{"href":"http:\/\/test.utopia56.org\/index.php\/wp-json\/wp\/v2\/posts\/10011","targetHints":{"allow":["GET"]}}],"collection":[{"href":"http:\/\/test.utopia56.org\/index.php\/wp-json\/wp\/v2\/posts"}],"about":[{"href":"http:\/\/test.utopia56.org\/index.php\/wp-json\/wp\/v2\/types\/post"}],"author":[{"embeddable":true,"href":"http:\/\/test.utopia56.org\/index.php\/wp-json\/wp\/v2\/users\/1"}],"replies":[{"embeddable":true,"href":"http:\/\/test.utopia56.org\/index.php\/wp-json\/wp\/v2\/comments?post=10011"}],"version-history":[{"count":0,"href":"http:\/\/test.utopia56.org\/index.php\/wp-json\/wp\/v2\/posts\/10011\/revisions"}],"wp:featuredmedia":[{"embeddable":true,"href":"http:\/\/test.utopia56.org\/index.php\/wp-json\/"}],"wp:attachment":[{"href":"http:\/\/test.utopia56.org\/index.php\/wp-json\/wp\/v2\/media?parent=10011"}],"wp:term":[{"taxonomy":"category","embeddable":true,"href":"http:\/\/test.utopia56.org\/index.php\/wp-json\/wp\/v2\/categories?post=10011"},{"taxonomy":"post_tag","embeddable":true,"href":"http:\/\/test.utopia56.org\/index.php\/wp-json\/wp\/v2\/tags?post=10011"}],"curies":[{"name":"wp","href":"https:\/\/api.w.org\/{rel}","templated":true}]}}